{"id":11376,"date":"2024-06-20T19:50:47","date_gmt":"2024-06-20T19:50:47","guid":{"rendered":"https:\/\/old.aria-net.it\/?p=11376"},"modified":"2024-06-20T19:50:47","modified_gmt":"2024-06-20T19:50:47","slug":"progetto-foci-meeting-annuale-ad-amburgo","status":"publish","type":"post","link":"https:\/\/old.aria-net.it\/it\/progetto-foci-meeting-annuale-ad-amburgo\/","title":{"rendered":"Progetto FOCI: meeting annuale ad Amburgo"},"content":{"rendered":"<p><img loading=\"lazy\" decoding=\"async\" class=\" wp-image-11377 alignleft\" src=\"https:\/\/old.aria-net.it\/wp-content\/uploads\/2024\/06\/ARIANET_FOCI_annualmeeting_Hamburg-300x161.png\" alt=\"\" width=\"374\" height=\"201\" srcset=\"https:\/\/old.aria-net.it\/wp-content\/uploads\/2024\/06\/ARIANET_FOCI_annualmeeting_Hamburg-300x161.png 300w, https:\/\/old.aria-net.it\/wp-content\/uploads\/2024\/06\/ARIANET_FOCI_annualmeeting_Hamburg-768x413.png 768w, https:\/\/old.aria-net.it\/wp-content\/uploads\/2024\/06\/ARIANET_FOCI_annualmeeting_Hamburg-400x215.png 400w, https:\/\/old.aria-net.it\/wp-content\/uploads\/2024\/06\/ARIANET_FOCI_annualmeeting_Hamburg.png 944w\" sizes=\"auto, (max-width: 374px) 100vw, 374px\" \/><\/p>\n<p>Si conclude oggi in Amburgo il meeting annuale di <strong>FOCI<\/strong>, il progetto europeo del Programma Quadro HORIZON che nel periodo tra il 2022 ed il 2026 mira a comprendere meglio le principali forzanti radiative non-CO2, a valutare dove e come si manifestano e il loro impatto pi\u00f9 ampio sul sistema climatico, sulla meteorologia, sulla qualit\u00e0 dell&#8217;aria e sulla salute; a quasi due anni dall\u2019inizio del Progetto si \u00e8 fatto il punto dello stato delle attivit\u00e0 e dei prossimi passi da compiere.<\/p>\n<p>La partecipazione di <a href=\"https:\/\/www.linkedin.com\/company\/546590\/admin\/dashboard\/\" target=\"_blank\" rel=\"noopener noreferrer\"><strong>ARIANET<\/strong><\/a> in questi contesti rappresenta da sempre un valore aggiunto rispetto ai servizi e all\u2019assistenza che forniamo ai nostri clienti, poich\u00e9 ci permette di rimanere sempre aggiornati sugli approcci scientifici pi\u00f9 recenti e conferma la nostra capacit\u00e0 di collaborare a progetti di comprovato valore scientifico.<br \/>\nSe siete interessati a saperne di pi\u00f9, qui trovate informazioni maggiori sull&#8217;intero progetto: https:\/\/lnkd.in\/dReT_axG<\/p>\n<p>&nbsp;<\/p>\n","protected":false},"excerpt":{"rendered":"<p>Si conclude oggi in Amburgo il meeting annuale di FOCI, il progetto europeo del Programma Quadro HORIZON che nel periodo tra il&#8230;<\/p>\n","protected":false},"author":1,"featured_media":0,"comment_status":"closed","ping_status":"closed","sticky":false,"template":"","format":"standard","meta":{"footnotes":""},"categories":[104],"tags":[],"class_list":["post-11376","post","type-post","status-publish","format-standard","hentry","category-news"],"_links":{"self":[{"href":"https:\/\/old.aria-net.it\/it\/wp-json\/wp\/v2\/posts\/11376","targetHints":{"allow":["GET"]}}],"collection":[{"href":"https:\/\/old.aria-net.it\/it\/wp-json\/wp\/v2\/posts"}],"about":[{"href":"https:\/\/old.aria-net.it\/it\/wp-json\/wp\/v2\/types\/post"}],"author":[{"embeddable":true,"href":"https:\/\/old.aria-net.it\/it\/wp-json\/wp\/v2\/users\/1"}],"replies":[{"embeddable":true,"href":"https:\/\/old.aria-net.it\/it\/wp-json\/wp\/v2\/comments?post=11376"}],"version-history":[{"count":5,"href":"https:\/\/old.aria-net.it\/it\/wp-json\/wp\/v2\/posts\/11376\/revisions"}],"predecessor-version":[{"id":11382,"href":"https:\/\/old.aria-net.it\/it\/wp-json\/wp\/v2\/posts\/11376\/revisions\/11382"}],"wp:attachment":[{"href":"https:\/\/old.aria-net.it\/it\/wp-json\/wp\/v2\/media?parent=11376"}],"wp:term":[{"taxonomy":"category","embeddable":true,"href":"https:\/\/old.aria-net.it\/it\/wp-json\/wp\/v2\/categories?post=11376"},{"taxonomy":"post_tag","embeddable":true,"href":"https:\/\/old.aria-net.it\/it\/wp-json\/wp\/v2\/tags?post=11376"}],"curies":[{"name":"wp","href":"https:\/\/api.w.org\/{rel}","templated":true}]}}