{"id":11320,"date":"2024-04-11T23:33:55","date_gmt":"2024-04-11T23:33:55","guid":{"rendered":"https:\/\/old.aria-net.it\/?p=11320"},"modified":"2024-04-15T06:57:12","modified_gmt":"2024-04-15T06:57:12","slug":"xi-giornata-della-modellistica-in-arianet","status":"publish","type":"post","link":"https:\/\/old.aria-net.it\/it\/xi-giornata-della-modellistica-in-arianet\/","title":{"rendered":"&#8220;XI Giornata della modellistica in ARIA(NET)&#8221;"},"content":{"rendered":"<div class=\"feed-shared-update-v2__description-wrapper mr2\" tabindex=\"-1\">\n<div class=\"feed-shared-inline-show-more-text feed-shared-update-v2__description feed-shared-inline-show-more-text--minimal-padding feed-shared-inline-show-more-text--expanded \" tabindex=\"-1\">\n<div class=\"update-components-text relative update-components-update-v2__commentary \" dir=\"ltr\">\n<p>La &#8220;\ud835\udc17\ud835\udc08 \ud835\udc06\ud835\udc22\ud835\udc28\ud835\udc2b\ud835\udc27\ud835\udc1a\ud835\udc2d\ud835\udc1a \ud835\udc1d\ud835\udc1e\ud835\udc25\ud835\udc25\ud835\udc1a \ud835\udc26\ud835\udc28\ud835\udc1d\ud835\udc1e\ud835\udc25\ud835\udc25\ud835\udc22\ud835\udc2c\ud835\udc2d\ud835\udc22\ud835\udc1c\ud835\udc1a \ud835\udc22\ud835\udc27 \ud835\udc00\ud835\udc11\ud835\udc08\ud835\udc00(\ud835\udc0d\ud835\udc04\ud835\udc13)&#8221; si \u00e8 appena conclusa ed \u00e8 stata ricca di spunti e novit\u00e0.<\/p>\n<p>Cresce negli anni l&#8217;interesse e la voglia di partecipare da parte di clienti e partner di progetto, oggi nel complesso circa 120 persone (in presenza e da remoto) hanno seguito i vari interventi e grazie all&#8217;appartenenza a diverse realt\u00e0 \u00e8 stata offerta una visione dell&#8217;uso della modellistica su temi trasversali e con approcci differenziati.<\/p>\n<p>Dai temi oggetto di presentazione si evince, tra le altre cose, l&#8217;attenzione allo sviluppo degli approcci legati al <strong>machine learning<\/strong>, un sempre maggior interesse suscitato dall\u2019assimilazione dei dati satellitari, accanto alla necessit\u00e0 di comprendere sempre meglio la composizione del <strong>particolato atmosferico<\/strong>, la valutazione degli impatto degli incendi ed il comportamento delle <strong>nanopolveri<\/strong> in sedime aeroportuale.<br \/>\nMolto interessanti le presentazioni fatte dai dottorandi che stanno svolgendo da noi parte della loro tesi, che hanno toccato temi di grande interesse come la<strong> risospensione<\/strong> delle <strong>microplastiche<\/strong> e dalle possibili metodologie per il riempimento dei valori mancanti dei <strong>dati satellitari<\/strong>.<\/p>\n<p>Come sempre accade in queste occasioni il valore aggiunto \u00e8 sempre dato dall&#8217;incontro e dallo scambio di esperienze anche molto diverse tra loro, per questo ringraziamo tutti per la partecipazione, l&#8217;interesse dimostrato e la voglia di condivisione, arrivederci al prossimo anno!<\/p>\n<p>&nbsp;<\/p>\n<\/div>\n<p><img loading=\"lazy\" decoding=\"async\" class=\"alignnone size-medium wp-image-11321\" src=\"https:\/\/old.aria-net.it\/wp-content\/uploads\/2024\/04\/ARIANET_programma_XIgiornata-215x300.png\" alt=\"\" width=\"215\" height=\"300\" srcset=\"https:\/\/old.aria-net.it\/wp-content\/uploads\/2024\/04\/ARIANET_programma_XIgiornata-215x300.png 215w, https:\/\/old.aria-net.it\/wp-content\/uploads\/2024\/04\/ARIANET_programma_XIgiornata-400x558.png 400w, https:\/\/old.aria-net.it\/wp-content\/uploads\/2024\/04\/ARIANET_programma_XIgiornata.png 674w\" sizes=\"auto, (max-width: 215px) 100vw, 215px\" \/><img loading=\"lazy\" decoding=\"async\" class=\"alignnone size-medium wp-image-11322\" src=\"https:\/\/old.aria-net.it\/wp-content\/uploads\/2024\/04\/ARIANET_XI_GiornataModellistica_2024_pic1-300x300.jpg\" alt=\"\" width=\"300\" height=\"300\" srcset=\"https:\/\/old.aria-net.it\/wp-content\/uploads\/2024\/04\/ARIANET_XI_GiornataModellistica_2024_pic1-300x300.jpg 300w, https:\/\/old.aria-net.it\/wp-content\/uploads\/2024\/04\/ARIANET_XI_GiornataModellistica_2024_pic1-1024x1024.jpg 1024w, https:\/\/old.aria-net.it\/wp-content\/uploads\/2024\/04\/ARIANET_XI_GiornataModellistica_2024_pic1-150x150.jpg 150w, https:\/\/old.aria-net.it\/wp-content\/uploads\/2024\/04\/ARIANET_XI_GiornataModellistica_2024_pic1-768x768.jpg 768w, https:\/\/old.aria-net.it\/wp-content\/uploads\/2024\/04\/ARIANET_XI_GiornataModellistica_2024_pic1-1536x1536.jpg 1536w, https:\/\/old.aria-net.it\/wp-content\/uploads\/2024\/04\/ARIANET_XI_GiornataModellistica_2024_pic1-75x75.jpg 75w, https:\/\/old.aria-net.it\/wp-content\/uploads\/2024\/04\/ARIANET_XI_GiornataModellistica_2024_pic1-200x200.jpg 200w, https:\/\/old.aria-net.it\/wp-content\/uploads\/2024\/04\/ARIANET_XI_GiornataModellistica_2024_pic1-400x400.jpg 400w, https:\/\/old.aria-net.it\/wp-content\/uploads\/2024\/04\/ARIANET_XI_GiornataModellistica_2024_pic1.jpg 1920w\" sizes=\"auto, (max-width: 300px) 100vw, 300px\" \/><img loading=\"lazy\" decoding=\"async\" class=\"alignnone size-medium wp-image-11324\" src=\"https:\/\/old.aria-net.it\/wp-content\/uploads\/2024\/04\/ARIANET_XI_GiornataModellistica_2024_pic3-300x300.jpg\" alt=\"\" width=\"300\" height=\"300\" srcset=\"https:\/\/old.aria-net.it\/wp-content\/uploads\/2024\/04\/ARIANET_XI_GiornataModellistica_2024_pic3-300x300.jpg 300w, https:\/\/old.aria-net.it\/wp-content\/uploads\/2024\/04\/ARIANET_XI_GiornataModellistica_2024_pic3-1024x1024.jpg 1024w, https:\/\/old.aria-net.it\/wp-content\/uploads\/2024\/04\/ARIANET_XI_GiornataModellistica_2024_pic3-150x150.jpg 150w, https:\/\/old.aria-net.it\/wp-content\/uploads\/2024\/04\/ARIANET_XI_GiornataModellistica_2024_pic3-768x768.jpg 768w, https:\/\/old.aria-net.it\/wp-content\/uploads\/2024\/04\/ARIANET_XI_GiornataModellistica_2024_pic3-1536x1536.jpg 1536w, https:\/\/old.aria-net.it\/wp-content\/uploads\/2024\/04\/ARIANET_XI_GiornataModellistica_2024_pic3-75x75.jpg 75w, https:\/\/old.aria-net.it\/wp-content\/uploads\/2024\/04\/ARIANET_XI_GiornataModellistica_2024_pic3-200x200.jpg 200w, https:\/\/old.aria-net.it\/wp-content\/uploads\/2024\/04\/ARIANET_XI_GiornataModellistica_2024_pic3-400x400.jpg 400w, https:\/\/old.aria-net.it\/wp-content\/uploads\/2024\/04\/ARIANET_XI_GiornataModellistica_2024_pic3.jpg 1920w\" sizes=\"auto, (max-width: 300px) 100vw, 300px\" \/><img loading=\"lazy\" decoding=\"async\" class=\"alignnone size-medium wp-image-11323\" src=\"https:\/\/old.aria-net.it\/wp-content\/uploads\/2024\/04\/ARIANET_XI_GiornataModellistica_2024_pic2-300x300.jpg\" alt=\"\" width=\"300\" height=\"300\" srcset=\"https:\/\/old.aria-net.it\/wp-content\/uploads\/2024\/04\/ARIANET_XI_GiornataModellistica_2024_pic2-300x300.jpg 300w, https:\/\/old.aria-net.it\/wp-content\/uploads\/2024\/04\/ARIANET_XI_GiornataModellistica_2024_pic2-1024x1024.jpg 1024w, https:\/\/old.aria-net.it\/wp-content\/uploads\/2024\/04\/ARIANET_XI_GiornataModellistica_2024_pic2-150x150.jpg 150w, https:\/\/old.aria-net.it\/wp-content\/uploads\/2024\/04\/ARIANET_XI_GiornataModellistica_2024_pic2-768x768.jpg 768w, https:\/\/old.aria-net.it\/wp-content\/uploads\/2024\/04\/ARIANET_XI_GiornataModellistica_2024_pic2-1536x1536.jpg 1536w, https:\/\/old.aria-net.it\/wp-content\/uploads\/2024\/04\/ARIANET_XI_GiornataModellistica_2024_pic2-75x75.jpg 75w, https:\/\/old.aria-net.it\/wp-content\/uploads\/2024\/04\/ARIANET_XI_GiornataModellistica_2024_pic2-200x200.jpg 200w, https:\/\/old.aria-net.it\/wp-content\/uploads\/2024\/04\/ARIANET_XI_GiornataModellistica_2024_pic2-400x400.jpg 400w, https:\/\/old.aria-net.it\/wp-content\/uploads\/2024\/04\/ARIANET_XI_GiornataModellistica_2024_pic2.jpg 1920w\" sizes=\"auto, (max-width: 300px) 100vw, 300px\" \/><\/p>\n<\/div>\n<\/div>\n","protected":false},"excerpt":{"rendered":"<p>La &#8220;\ud835\udc17\ud835\udc08 \ud835\udc06\ud835\udc22\ud835\udc28\ud835\udc2b\ud835\udc27\ud835\udc1a\ud835\udc2d\ud835\udc1a \ud835\udc1d\ud835\udc1e\ud835\udc25\ud835\udc25\ud835\udc1a \ud835\udc26\ud835\udc28\ud835\udc1d\ud835\udc1e\ud835\udc25\ud835\udc25\ud835\udc22\ud835\udc2c\ud835\udc2d\ud835\udc22\ud835\udc1c\ud835\udc1a \ud835\udc22\ud835\udc27 \ud835\udc00\ud835\udc11\ud835\udc08\ud835\udc00(\ud835\udc0d\ud835\udc04\ud835\udc13)&#8221; si \u00e8 appena conclusa ed \u00e8 stata ricca di spunti e novit\u00e0. Cresce negli anni&#8230;<\/p>\n","protected":false},"author":1,"featured_media":0,"comment_status":"closed","ping_status":"closed","sticky":false,"template":"","format":"standard","meta":{"footnotes":""},"categories":[104],"tags":[],"class_list":["post-11320","post","type-post","status-publish","format-standard","hentry","category-news"],"_links":{"self":[{"href":"https:\/\/old.aria-net.it\/it\/wp-json\/wp\/v2\/posts\/11320","targetHints":{"allow":["GET"]}}],"collection":[{"href":"https:\/\/old.aria-net.it\/it\/wp-json\/wp\/v2\/posts"}],"about":[{"href":"https:\/\/old.aria-net.it\/it\/wp-json\/wp\/v2\/types\/post"}],"author":[{"embeddable":true,"href":"https:\/\/old.aria-net.it\/it\/wp-json\/wp\/v2\/users\/1"}],"replies":[{"embeddable":true,"href":"https:\/\/old.aria-net.it\/it\/wp-json\/wp\/v2\/comments?post=11320"}],"version-history":[{"count":2,"href":"https:\/\/old.aria-net.it\/it\/wp-json\/wp\/v2\/posts\/11320\/revisions"}],"predecessor-version":[{"id":11326,"href":"https:\/\/old.aria-net.it\/it\/wp-json\/wp\/v2\/posts\/11320\/revisions\/11326"}],"wp:attachment":[{"href":"https:\/\/old.aria-net.it\/it\/wp-json\/wp\/v2\/media?parent=11320"}],"wp:term":[{"taxonomy":"category","embeddable":true,"href":"https:\/\/old.aria-net.it\/it\/wp-json\/wp\/v2\/categories?post=11320"},{"taxonomy":"post_tag","embeddable":true,"href":"https:\/\/old.aria-net.it\/it\/wp-json\/wp\/v2\/tags?post=11320"}],"curies":[{"name":"wp","href":"https:\/\/api.w.org\/{rel}","templated":true}]}}