{"id":11011,"date":"2022-05-09T06:55:56","date_gmt":"2022-05-09T06:55:56","guid":{"rendered":"https:\/\/old.aria-net.it\/?p=11011"},"modified":"2022-11-10T12:21:45","modified_gmt":"2022-11-10T12:21:45","slug":"ix-giornata-della-modellistica-in-arianet","status":"publish","type":"post","link":"https:\/\/old.aria-net.it\/it\/ix-giornata-della-modellistica-in-arianet\/","title":{"rendered":"IX Giornata della modellistica in ARIA(NET)"},"content":{"rendered":"<p>[vc_row][vc_column][vc_column_text]La &#8220;IX Giornata della modellistica in ARIA(NET)&#8221; si \u00e8 appena conclusa ed anche quest&#8217;anno \u00e8 stata ricca di spunti e novit\u00e0.<br \/>\nLa scelta di mantenere la doppia modalit\u00e0 di partecipazione, ha permesso di ritrovare un&#8217;occasione pi\u00f9 tradizionale e bella per confrontarci ma ha comunque dato modo a chi era impossibilitato a raggiungerci a Milano all&#8217;Istituto Mario Negri di seguire da remoto e in alcuni casi presentare i risultati di lavori fatti.<br \/>\nCresce negli anni l&#8217;interesse e la voglia di partecipare da parte di clienti e partner di progetto, oggi nel complesso circa 130 persone hanno seguito i vari interventi e grazie all&#8217;appartenenza a diverse realt\u00e0 \u00e8 stata offerta una visione dell&#8217;uso della modellistica su temi trasversali e con approcci differenziati; grazie alla disponibilit\u00e0 dei relatori e degli enti di appartenenza anche quest&#8217;anno \u00e8 possibile visionare le presentazioni (per chi non fosse riuscito a partecipare in diretta) e ascoltare (o ri-ascoltare) gli interventi che si sono susseguiti.<\/p>\n<p>Grazie a tutti per la partecipazione, non resta che darci appuntamento al prossimo anno, per la decima edizione!<\/p>\n<hr \/>\n<h2 style=\"text-align: center;\">Podcast<\/h2>\n<div style=\"text-align: center;\"><iframe loading=\"lazy\" src=\"https:\/\/www.youtube.com\/embed\/videoseries?list=PLXdtsY8wm7oe665y_MgwvukLk2t3F31gs\" width=\"560\" height=\"315\" frameborder=\"0\" allowfullscreen=\"allowfullscreen\"><span data-mce-type=\"bookmark\" style=\"display: inline-block; width: 0px; overflow: hidden; line-height: 0;\" class=\"mce_SELRES_start\">\ufeff<\/span><span data-mce-type=\"bookmark\" style=\"display: inline-block; width: 0px; overflow: hidden; line-height: 0;\" class=\"mce_SELRES_start\">\ufeff<\/span><\/iframe><\/div>\n<hr \/>\n<h2 style=\"text-align: center;\">Presentazioni<\/h2>\n<p style=\"text-align: left;\"><a href=\"https:\/\/old.aria-net.it\/wp-content\/uploads\/2022\/05\/02_FARM-data-assimilation-nel-sistema-previsionale_Adani.pdf\">FARM data assimilation nel sistema previsionale CAMS a scala europea (M.Adani)<\/a><\/p>\n<p><a href=\"https:\/\/old.aria-net.it\/wp-content\/uploads\/2022\/05\/03_Presentazione_PeaktoMean_eqvarianza_Tinarelli.pdf\">Novit\u00e0 SPRAY per il calcolo del rapporto peak-to-mean per gli odori (G.Tinarelli)<\/a><\/p>\n<p><a href=\"https:\/\/old.aria-net.it\/wp-content\/uploads\/2022\/05\/05_Elaborazione-di-campi-di-RetroSPRAY_NOSE_Uboldi.pdf\">Elaborazione di campi di RetroSPRAY per individuare una sorgente di odori molesti a partire da segnalazioni di cittadini (F.Uboldi)<\/a><\/p>\n<p><a href=\"https:\/\/old.aria-net.it\/wp-content\/uploads\/2022\/05\/06_Field-inspection-e-validazioni-modellistiche-in-campo-di-impatti-olfattivi_Pontello.pdf\">Field inspection e validazione modellistiche in campo olfattivo: un caso studio (M.Pontello)<\/a><\/p>\n<p><a href=\"https:\/\/old.aria-net.it\/wp-content\/uploads\/2022\/05\/07_Esperienze_di_modellazione_in_Georgia_e_sistema_previsionale_per_il_Kuwait_Pepe.pdf\">Esperienze di modellazione in Georgia e sistema previsionale per il Kuwait (N.Pepe)<\/a><\/p>\n<p><a href=\"https:\/\/old.aria-net.it\/wp-content\/uploads\/2022\/05\/08_Multiscale-air-quality-application-in-Guadalajara_Lachatre.pdf\">Multiscale air quality application in Guadalajara, Mexico (M.Lachatre)<\/a><\/p>\n<p><a href=\"https:\/\/old.aria-net.it\/wp-content\/uploads\/2022\/05\/09_Effetti-acuti-inquinamento-atmosferico_BauleoRenzi.pdf\">Effetti acuti dell&#8217;inquinamento atmosferico nei comuni interessati da SIN o principali impianti industriali (L.Bauleo, M.Renzi)<\/a><\/p>\n<p><a href=\"https:\/\/old.aria-net.it\/wp-content\/uploads\/2022\/05\/10_CFD-applications-for-indoor-air-quality_Nibart.pdf\">CFD applications for indoor air quality (M.Nibart)<\/a><\/p>\n<p><a href=\"https:\/\/old.aria-net.it\/wp-content\/uploads\/2022\/05\/11_Modellistica-della-dispersione-dei-pollini_MeetOut_TagliaferroSilibello.pdf\">Modellistica della dispersione dei pollini_MeetOut (S.Tagliaferro, CSilibello)<\/a><\/p>\n<p><a href=\"https:\/\/old.aria-net.it\/wp-content\/uploads\/2022\/05\/12_FAIRMODE_CT4_Barbero.pdf\">Gruppo di lavoro FAIRMODE CT4: modellistica a microscala (D.Barbero)<\/a><\/p>\n<p><a href=\"https:\/\/old.aria-net.it\/wp-content\/uploads\/2022\/05\/13_WMO_GAW_Covid-19_Finardi.pdf\">Gruppo di lavoro WMO-GAW su Covid-19 ed inquinamento atmosferico (S.Finardi)<\/a><\/p>\n<p><a href=\"https:\/\/old.aria-net.it\/wp-content\/uploads\/2022\/05\/14_Milan-observations-and-Lesson-learned-from-Covid-lockdown_Moroni.pdf\">Milan observations and Lesson learned from Covid lockdown (S.Moroni)<\/a><\/p>\n<p><a href=\"https:\/\/old.aria-net.it\/wp-content\/uploads\/2022\/05\/15_Pulvirus_Piersanti.pdf\">Simulazione della qualit\u00e0 dell&#8217;aria in Italia durante il lockdown nel progetto Pulvirus (A.Piersanti)<\/a><\/p>\n<p><a href=\"https:\/\/old.aria-net.it\/wp-content\/uploads\/2022\/05\/16_VEGGAP_Finardi.pdf\">Progetto LIFE VEG-GAP: vegetazione ed inquinamento nelle aree urbane (S.Finardi)<\/a><\/p>\n<p><a href=\"https:\/\/old.aria-net.it\/wp-content\/uploads\/2022\/05\/17_UIA_FerraraAirQuality_Mangifesta.pdf\">UIA Ferrara Air Quality &#8211; Progetto AIRBREAK: Co-producing healthy clean commuting air spots in town (P.Mangifesta)<\/a><\/p>\n<p><a href=\"https:\/\/old.aria-net.it\/wp-content\/uploads\/2022\/05\/19_EUROCC_microscala_SilibelloBarbero.pdf\">Progetto EUROCC (C.Silibello, D.Barbero)<\/a><\/p>\n<p><a href=\"https:\/\/old.aria-net.it\/wp-content\/uploads\/2022\/05\/20_Presentazione_gruppo_Olores_Tinarelli.pdf\">Attivit\u00e0 del gruppo OLORES: handbook per utilizzo della modellistica in campo odorigeno (G.Tinarelli)<\/a><\/p>\n<p><a href=\"https:\/\/old.aria-net.it\/wp-content\/uploads\/2022\/05\/18_ProgettoHarmonia_TriniCastelli.pdf\" target=\"_blank\" rel=\"noopener noreferrer\">Gli scenari emissivi vanno in porto! Il Progetto Harmonia (Silvia Trini Castelli)<\/a>[\/vc_column_text][\/vc_column][\/vc_row]<\/p>\n","protected":false},"excerpt":{"rendered":"<p>[vc_row][vc_column][vc_column_text]La &#8220;IX Giornata della modellistica in ARIA(NET)&#8221; si \u00e8 appena conclusa ed anche quest&#8217;anno \u00e8 stata ricca di spunti e novit\u00e0. La&#8230;<\/p>\n","protected":false},"author":1,"featured_media":0,"comment_status":"closed","ping_status":"closed","sticky":false,"template":"","format":"standard","meta":{"footnotes":""},"categories":[2,104],"tags":[],"class_list":["post-11011","post","type-post","status-publish","format-standard","hentry","category-giornata-arianet","category-news"],"_links":{"self":[{"href":"https:\/\/old.aria-net.it\/it\/wp-json\/wp\/v2\/posts\/11011","targetHints":{"allow":["GET"]}}],"collection":[{"href":"https:\/\/old.aria-net.it\/it\/wp-json\/wp\/v2\/posts"}],"about":[{"href":"https:\/\/old.aria-net.it\/it\/wp-json\/wp\/v2\/types\/post"}],"author":[{"embeddable":true,"href":"https:\/\/old.aria-net.it\/it\/wp-json\/wp\/v2\/users\/1"}],"replies":[{"embeddable":true,"href":"https:\/\/old.aria-net.it\/it\/wp-json\/wp\/v2\/comments?post=11011"}],"version-history":[{"count":8,"href":"https:\/\/old.aria-net.it\/it\/wp-json\/wp\/v2\/posts\/11011\/revisions"}],"predecessor-version":[{"id":11083,"href":"https:\/\/old.aria-net.it\/it\/wp-json\/wp\/v2\/posts\/11011\/revisions\/11083"}],"wp:attachment":[{"href":"https:\/\/old.aria-net.it\/it\/wp-json\/wp\/v2\/media?parent=11011"}],"wp:term":[{"taxonomy":"category","embeddable":true,"href":"https:\/\/old.aria-net.it\/it\/wp-json\/wp\/v2\/categories?post=11011"},{"taxonomy":"post_tag","embeddable":true,"href":"https:\/\/old.aria-net.it\/it\/wp-json\/wp\/v2\/tags?post=11011"}],"curies":[{"name":"wp","href":"https:\/\/api.w.org\/{rel}","templated":true}]}}