{"id":11005,"date":"2022-05-04T14:25:49","date_gmt":"2022-05-04T14:25:49","guid":{"rendered":"https:\/\/old.aria-net.it\/?p=11005"},"modified":"2022-05-04T14:38:17","modified_gmt":"2022-05-04T14:38:17","slug":"conclusione-del-progetto-veg-gap","status":"publish","type":"post","link":"https:\/\/old.aria-net.it\/it\/conclusione-del-progetto-veg-gap\/","title":{"rendered":"Conclusione del progetto VEG-GAP"},"content":{"rendered":"<p>Il 22\/04\/2022 si \u00e8 svolto a Roma, presso la Societ\u00e0 Geografica Italiana, l&#8217;ultimo evento italiano del progetto europeo VEG-GAP. Il demonstrative-day organizzato da CREA ha messo in luce gli impatti della vegetazione urbana sulla meteorologia e sulla qualit\u00e0 dell&#8217;aria e come questa possa aiutare la pianificazione urbana. Il dibattito che si \u00e8 instaurato ha sottolineato l&#8217;importanza di aumentare la cultura e la consapevolezza tra i cittadini e le autorit\u00e0 locali su quanto nuovi alberi o azioni di rinverdimento in ambito urbano possano migliorare o peggiorare alcuni aspetti legati alla vivibilit\u00e0. ARIANET ha partecipato a questa giornata con due interventi specifici sull&#8217;esperienza della preparazione dell&#8217;input emissivo sulla vegetazione urbana di Milano e sulla quantificazione dei composti organici volatili emessi dalla vegetazione urbana e periurbana.<\/p>\n<p><a href=\"https:\/\/old.aria-net.it\/wp-content\/uploads\/2022\/05\/VEG-GAP_DemoDay_Rome_vegetazione_20042022_Pepe_final.pdf\" target=\"_blank\" rel=\"noopener noreferrer\">La vegetazione di oggi e di domani: presentazione dello stato attuale e scenario futuro della vegetazione nelle citt\u00e0 target del progetto<\/a><\/p>\n<p><a href=\"https:\/\/old.aria-net.it\/wp-content\/uploads\/2022\/05\/VEG-GAP_DemoDay_Rome_biogeniche_20042022_Finardi.pdf\">Composti organici volatili emessi dalla vegetazione urbana e periurbana<\/a><\/p>\n","protected":false},"excerpt":{"rendered":"<p>Il 22\/04\/2022 si \u00e8 svolto a Roma, presso la Societ\u00e0 Geografica Italiana, l&#8217;ultimo evento italiano del progetto europeo VEG-GAP. Il demonstrative-day organizzato&#8230;<\/p>\n","protected":false},"author":1,"featured_media":0,"comment_status":"closed","ping_status":"closed","sticky":false,"template":"","format":"standard","meta":{"footnotes":""},"categories":[104],"tags":[],"class_list":["post-11005","post","type-post","status-publish","format-standard","hentry","category-news"],"_links":{"self":[{"href":"https:\/\/old.aria-net.it\/it\/wp-json\/wp\/v2\/posts\/11005","targetHints":{"allow":["GET"]}}],"collection":[{"href":"https:\/\/old.aria-net.it\/it\/wp-json\/wp\/v2\/posts"}],"about":[{"href":"https:\/\/old.aria-net.it\/it\/wp-json\/wp\/v2\/types\/post"}],"author":[{"embeddable":true,"href":"https:\/\/old.aria-net.it\/it\/wp-json\/wp\/v2\/users\/1"}],"replies":[{"embeddable":true,"href":"https:\/\/old.aria-net.it\/it\/wp-json\/wp\/v2\/comments?post=11005"}],"version-history":[{"count":2,"href":"https:\/\/old.aria-net.it\/it\/wp-json\/wp\/v2\/posts\/11005\/revisions"}],"predecessor-version":[{"id":11009,"href":"https:\/\/old.aria-net.it\/it\/wp-json\/wp\/v2\/posts\/11005\/revisions\/11009"}],"wp:attachment":[{"href":"https:\/\/old.aria-net.it\/it\/wp-json\/wp\/v2\/media?parent=11005"}],"wp:term":[{"taxonomy":"category","embeddable":true,"href":"https:\/\/old.aria-net.it\/it\/wp-json\/wp\/v2\/categories?post=11005"},{"taxonomy":"post_tag","embeddable":true,"href":"https:\/\/old.aria-net.it\/it\/wp-json\/wp\/v2\/tags?post=11005"}],"curies":[{"name":"wp","href":"https:\/\/api.w.org\/{rel}","templated":true}]}}